{"id":115,"title":"EMAC AUTO | Promos Fim de Ano","slug":"emac-auto-promos-fim-de-ano","description":"<p>\u00a0 \u00a0<\/p>","visible":1,"type_banner":0,"text_first":"<div style=\"\r\n  width:100%;\r\n  max-width:1200px;\r\n  margin:0 auto 40px;\r\n  padding:40px 20px 30px;\r\n  font-family:Arial, Helvetica, sans-serif;\r\n  color:#001e50;\r\n  background:linear-gradient(135deg, #00c0d8 0%, #00a3e0 45%, #ffffff 45%);\r\n  border-radius:24px;\r\n  box-shadow:0 12px 35px rgba(0,0,0,0.18);\r\n\">\r\n\r\n  <h2 style=\"font-size:32px; margin:0 0 10px; text-align:center; font-weight:700; color:#ffffff;\">\r\n    Promo\u00e7\u00f5es de Fim de Ano EMAC AUTO\r\n  <\/h2>\r\n  <p style=\"margin:0 0 25px; text-align:center; font-size:15px; color:#e9f7ff;\">\r\n    Viaturas selecionadas com condi\u00e7\u00f5es especiais durante o evento.\r\n  <\/p>\r\n\r\n  <div style=\"display:flex; flex-wrap:wrap; gap:20px; justify-content:center;\">\r\n\r\n    <!-- Renault Captur -->\r\n    <a href=\"https:\/\/autosolucoes.pt\/carros\/renault-captur-1033\" target=\"_blank\" style=\"display: block; text-decoration: none; color: inherit; background: rgb(255, 255, 255); border-radius: 16px; padding: 18px 18px 20px; box-shadow: rgba(0, 0, 0, 0.08) 0px 4px 12px; border: 1px solid rgba(0, 0, 0, 0.06); width: 100%; max-width: 520px; flex: 1 1 320px; transition: 0.2s; transform: translateY(0px);\" onmouseover=\"this.style.transform='translateY(-6px)'; this.style.boxShadow='0 14px 32px rgba(0,0,0,0.22)';\" onmouseout=\"this.style.transform='translateY(0)'; this.style.boxShadow='0 4px 12px rgba(0,0,0,0.08)';\">\r\n      <img src=\"https:\/\/andremaciel.pt\/EADEZ25\/RenaultCaptur.png\" alt=\"Renault Captur\" style=\"width:100%; border-radius:12px; margin-bottom:12px;\">\r\n      <div style=\"font-size:13px; font-weight:700; letter-spacing:1px; text-transform:uppercase; color:#0077b6;\">\r\n        Renault\r\n      <\/div>\r\n      <h3 style=\"font-size:20px; margin:4px 0 4px;\">Captur 1.5Dci Exclusive<\/h3>\r\n      <p style=\"margin:0; font-size:15px;\">95cv \u00a0|\u00a0 2021 \u00a0|\u00a0 77 156 km<\/p>\r\n      <p style=\"margin:10px 0 0; font-size:19px; font-weight:700; color:#00a3e0;\">\r\n        <span style=\"text-decoration:line-through; color:#888; font-size:15px;\">19 990 \u20ac<\/span>\r\n        \u00a0 18 490 \u20ac\r\n      <\/p>\r\n    <\/a>\r\n\r\n    <!-- Toyota Proace -->\r\n    <a href=\"https:\/\/autosolucoes.pt\/carros\/toyota-proace-1089\" target=\"_blank\" style=\"display: block; text-decoration: none; color: inherit; background: rgb(255, 255, 255); border-radius: 16px; padding: 18px 18px 20px; box-shadow: rgba(0, 0, 0, 0.08) 0px 4px 12px; border: 1px solid rgba(0, 0, 0, 0.06); width: 100%; max-width: 520px; flex: 1 1 320px; transition: 0.2s; transform: translateY(0px);\" onmouseover=\"this.style.transform='translateY(-6px)'; this.style.boxShadow='0 14px 32px rgba(0,0,0,0.22)';\" onmouseout=\"this.style.transform='translateY(0)'; this.style.boxShadow='0 4px 12px rgba(0,0,0,0.08)';\">\r\n      <img src=\"https:\/\/andremaciel.pt\/EADEZ25\/ToyotaProAce.png\" alt=\"Toyota Proace City\" style=\"width:100%; border-radius:12px; margin-bottom:12px;\">\r\n      <div style=\"font-size:13px; font-weight:700; letter-spacing:1px; text-transform:uppercase; color:#0077b6;\">\r\n        Toyota\r\n      <\/div>\r\n      <h3 style=\"font-size:20px; margin:4px 0 4px;\">Proace City 1.5D L2 Exclusive<\/h3>\r\n      <p style=\"margin:0; font-size:15px;\">102cv \u00a0|\u00a0 2023 \u00a0|\u00a0 77 200 km<\/p>\r\n      <p style=\"margin:10px 0 0; font-size:19px; font-weight:700; color:#00a3e0;\">\r\n        <span style=\"text-decoration:line-through; color:#888; font-size:15px;\">19 790 \u20ac<\/span>\r\n        \u00a0 18 290 \u20ac\r\n      <\/p>\r\n    <\/a>\r\n\r\n    <!-- Nissan Ariya -->\r\n    <a href=\"https:\/\/autosolucoes.pt\/carros\/nissan-ariya-1073\" target=\"_blank\" style=\"display: block; text-decoration: none; color: inherit; background: rgb(255, 255, 255); border-radius: 16px; padding: 18px 18px 20px; box-shadow: rgba(0, 0, 0, 0.08) 0px 4px 12px; border: 1px solid rgba(0, 0, 0, 0.06); width: 100%; max-width: 520px; flex: 1 1 320px; transition: 0.2s; transform: translateY(0px);\" onmouseover=\"this.style.transform='translateY(-6px)'; this.style.boxShadow='0 14px 32px rgba(0,0,0,0.22)';\" onmouseout=\"this.style.transform='translateY(0)'; this.style.boxShadow='0 4px 12px rgba(0,0,0,0.08)';\">\r\n      <img src=\"https:\/\/andremaciel.pt\/EADEZ25\/NissanAriya.png\" alt=\"Nissan Ariya\" style=\"width:100%; border-radius:12px; margin-bottom:12px;\">\r\n      <div style=\"font-size:13px; font-weight:700; letter-spacing:1px; text-transform:uppercase; color:#0077b6;\">\r\n        Nissan\r\n      <\/div>\r\n      <h3 style=\"font-size:20px; margin:4px 0 4px;\">Ariya 63kWh Advance Pack<\/h3>\r\n      <p style=\"margin:0; font-size:15px;\">218cv \u00a0|\u00a0 2023 \u00a0|\u00a0 26 600 km<\/p>\r\n      <p style=\"margin:10px 0 0; font-size:19px; font-weight:700; color:#00a3e0;\">\r\n        <span style=\"text-decoration:line-through; color:#888; font-size:15px;\">35 990 \u20ac<\/span>\r\n        \u00a0 34 490 \u20ac\r\n      <\/p>\r\n    <\/a>\r\n\r\n    <!-- Peugeot 208 -->\r\n    <a href=\"https:\/\/autosolucoes.pt\/carros\/peugeot-208-1056\" target=\"_blank\" style=\"display: block; text-decoration: none; color: inherit; background: rgb(255, 255, 255); border-radius: 16px; padding: 18px 18px 20px; box-shadow: rgba(0, 0, 0, 0.08) 0px 4px 12px; border: 1px solid rgba(0, 0, 0, 0.06); width: 100%; max-width: 520px; flex: 1 1 320px; transition: 0.2s; transform: translateY(0px);\" onmouseover=\"this.style.transform='translateY(-6px)'; this.style.boxShadow='0 14px 32px rgba(0,0,0,0.22)';\" onmouseout=\"this.style.transform='translateY(0)'; this.style.boxShadow='0 4px 12px rgba(0,0,0,0.08)';\">\r\n      <img src=\"https:\/\/andremaciel.pt\/EADEZ25\/Peugeot208.png\" alt=\"Peugeot 208\" style=\"width:100%; border-radius:12px; margin-bottom:12px;\">\r\n      <div style=\"font-size:13px; font-weight:700; letter-spacing:1px; text-transform:uppercase; color:#0077b6;\">\r\n        Peugeot\r\n      <\/div>\r\n      <h3 style=\"font-size:20px; margin:4px 0 4px;\">208 1.2 Puretech Active+<\/h3>\r\n      <p style=\"margin:0; font-size:15px;\">100cv \u00a0|\u00a0 2022 \u00a0|\u00a0 53 302 km<\/p>\r\n      <p style=\"margin:10px 0 0; font-size:19px; font-weight:700; color:#00a3e0;\">\r\n        <span style=\"text-decoration:line-through; color:#888; font-size:15px;\">14 990 \u20ac<\/span>\r\n        \u00a0 13 490 \u20ac\r\n      <\/p>\r\n    <\/a>\r\n\r\n    <!-- Peugeot 308 -->\r\n    <a href=\"https:\/\/autosolucoes.pt\/carros\/peugeot-308-1037\" target=\"_blank\" style=\"\r\n         display:block;\r\n         text-decoration:none;\r\n         color:inherit;\r\n         background:#ffffff;\r\n         border-radius:16px;\r\n         padding:18px 18px 20px;\r\n         box-shadow:0 4px 12px rgba(0,0,0,0.08);\r\n         border:1px solid rgba(0,0,0,0.06);\r\n         width:100%;\r\n         max-width:520px;\r\n         flex:1 1 320px;\r\n         transition:all 0.2s ease;\r\n       \" onmouseover=\"this.style.transform='translateY(-6px)'; this.style.boxShadow='0 14px 32px rgba(0,0,0,0.22)';\" onmouseout=\"this.style.transform='translateY(0)'; this.style.boxShadow='0 4px 12px rgba(0,0,0,0.08)';\">\r\n      <img src=\"https:\/\/andremaciel.pt\/EADEZ25\/Peugeot308.png\" alt=\"Peugeot 308\" style=\"width:100%; border-radius:12px; margin-bottom:12px;\">\r\n      <div style=\"font-size:13px; font-weight:700; letter-spacing:1px; text-transform:uppercase; color:#0077b6;\">\r\n        Peugeot\r\n      <\/div>\r\n      <h3 style=\"font-size:20px; margin:4px 0 4px;\">308 1.5HDi Active+<\/h3>\r\n      <p style=\"margin:0; font-size:15px;\">130cv \u00a0|\u00a0 2022 \u00a0|\u00a0 68 223 km<\/p>\r\n      <p style=\"margin:10px 0 0; font-size:19px; font-weight:700; color:#00a3e0;\">\r\n        <span style=\"text-decoration:line-through; color:#888; font-size:15px;\">22 990 \u20ac<\/span>\r\n        \u00a0 21 490 \u20ac\r\n      <\/p>\r\n    <\/a>\r\n\r\n  <\/div>\r\n\r\n    <p style=\"font-size:13px; color:#000; margin:25px 0 0; text-align:center; line-height:1.4;\">\r\n    * inclui Oferta de +1500\u20ac, limitada ao stock existente e v\u00e1lida apenas durante o evento para aquisi\u00e7\u00e3o de viatura atrav\u00e9s de financiamento intermediado pela Autosolu\u00e7\u00f5es \u2013 Mobilidade S.A., com registo no Banco de Portugal n.\u00ba 0001987.<br>\r\n    **Campanha v\u00e1lida at\u00e9 31\/12\/2025\r\n  <\/p>\r\n<\/div>","banner_image":"https:\/\/backend.emac.pt\/campaigns\/banner_image\/banner_692efac1d67df9.71117081","banner_video":null,"highlight":1,"category":"EMAC Auto","dates":"02.12.2025 a 16.01.2026","date_start":"2025-12-02","date_end":"2026-01-16","created_date":"02.12.2025","next_campaign_slug":"especial-verao-revisao-oficial","prev_campaign_slug":"pronto-para-descobrir-o-deepal-s05"}